{"id":1764,"date":"2021-06-01T22:02:14","date_gmt":"2021-06-01T20:02:14","guid":{"rendered":"https:\/\/patchwerkstatt.kowalke-net.de\/pw2\/?p=1764"},"modified":"2021-06-01T22:27:27","modified_gmt":"2021-06-01T20:27:27","slug":"aktuell-im-juni","status":"publish","type":"post","link":"https:\/\/patchwerkstatt.kowalke-net.de\/pw2\/aktuell-im-juni\/","title":{"rendered":"Aktuell im Juni"},"content":{"rendered":"\n<p>Im Juni feiert die PatchWerkstatt Geburtstag, jetzt schon 22 Jahre! Diesmal freue ich mich besonders, dass jetzt wieder Ladenbesuche m\u00f6glich sind (nat\u00fcrlich mit den n\u00f6tigen Hygienema\u00dfnahmen). Rufen Sie gerne an und vereinbaren Sie einen Termin! F\u00fcr alle, die mich im Laden besuchen, gibt es ein kleines Extra.<\/p>\n\n\n\n<p>Diesen Monat biete ich die neuen <a href=\"https:\/\/pw.kowalke-net.de\/product-category\/angebote\/monatsangebot\/\"><strong>Vliese von Matilda\u00b4s Own<\/strong> <\/a>zum <strong>Einf\u00fchrungspreis mit 10 % Rabatt<\/strong> an.  Dazu gibt es alle <strong>gelben Stoffe <\/strong>ebenfalls <strong>10 % g\u00fcnstiger<\/strong>. <\/p>\n\n\n\n<p>In den letzten Wochen habe ich mich mehr mit dem Garten als mit Patchwork besch\u00e4ftigt. Wer mir auf Instagram folgt, hat das sicher an den Garten- und Ausflugsbildern gemerkt. Nach der langen kalten Zeit tat das wieder richtig gut.<\/p>\n\n\n\n<p>Ein paar Kleinigkeiten sind doch noch entstanden.<\/p>\n\n\n\n<div class=\"wp-block-image\"><figure class=\"aligncenter size-large\"><img loading=\"lazy\" width=\"500\" height=\"375\" src=\"https:\/\/patchwerkstatt.kowalke-net.de\/pw2\/wp-content\/uploads\/2021\/05\/Boxybag_blauorange-500x375.jpg\" alt=\"\" class=\"wp-image-1765\" srcset=\"https:\/\/patchwerkstatt.kowalke-net.de\/pw2\/wp-content\/uploads\/2021\/05\/Boxybag_blauorange-500x375.jpg 500w, https:\/\/patchwerkstatt.kowalke-net.de\/pw2\/wp-content\/uploads\/2021\/05\/Boxybag_blauorange-300x225.jpg 300w, https:\/\/patchwerkstatt.kowalke-net.de\/pw2\/wp-content\/uploads\/2021\/05\/Boxybag_blauorange-768x576.jpg 768w, https:\/\/patchwerkstatt.kowalke-net.de\/pw2\/wp-content\/uploads\/2021\/05\/Boxybag_blauorange-1536x1152.jpg 1536w, https:\/\/patchwerkstatt.kowalke-net.de\/pw2\/wp-content\/uploads\/2021\/05\/Boxybag_blauorange-1600x1200.jpg 1600w, https:\/\/patchwerkstatt.kowalke-net.de\/pw2\/wp-content\/uploads\/2021\/05\/Boxybag_blauorange-200x150.jpg 200w, https:\/\/patchwerkstatt.kowalke-net.de\/pw2\/wp-content\/uploads\/2021\/05\/Boxybag_blauorange-1500x1125.jpg 1500w, https:\/\/patchwerkstatt.kowalke-net.de\/pw2\/wp-content\/uploads\/2021\/05\/Boxybag_blauorange.jpg 2000w\" sizes=\"(max-width: 500px) 100vw, 500px\" \/><figcaption>Eine Boxybag aus lange abgelagerten Reststreifen&#8230;<\/figcaption><\/figure><\/div>\n\n\n\n<div class=\"wp-block-image\"><figure class=\"aligncenter size-large\"><img loading=\"lazy\" width=\"500\" height=\"375\" src=\"https:\/\/patchwerkstatt.kowalke-net.de\/pw2\/wp-content\/uploads\/2021\/05\/Dae_Katzen-500x375.jpg\" alt=\"\" class=\"wp-image-1766\" srcset=\"https:\/\/patchwerkstatt.kowalke-net.de\/pw2\/wp-content\/uploads\/2021\/05\/Dae_Katzen-500x375.jpg 500w, https:\/\/patchwerkstatt.kowalke-net.de\/pw2\/wp-content\/uploads\/2021\/05\/Dae_Katzen-300x225.jpg 300w, https:\/\/patchwerkstatt.kowalke-net.de\/pw2\/wp-content\/uploads\/2021\/05\/Dae_Katzen-768x576.jpg 768w, https:\/\/patchwerkstatt.kowalke-net.de\/pw2\/wp-content\/uploads\/2021\/05\/Dae_Katzen-1536x1152.jpg 1536w, https:\/\/patchwerkstatt.kowalke-net.de\/pw2\/wp-content\/uploads\/2021\/05\/Dae_Katzen-1600x1200.jpg 1600w, https:\/\/patchwerkstatt.kowalke-net.de\/pw2\/wp-content\/uploads\/2021\/05\/Dae_Katzen-200x150.jpg 200w, https:\/\/patchwerkstatt.kowalke-net.de\/pw2\/wp-content\/uploads\/2021\/05\/Dae_Katzen-1500x1125.jpg 1500w, https:\/\/patchwerkstatt.kowalke-net.de\/pw2\/wp-content\/uploads\/2021\/05\/Dae_Katzen.jpg 2000w\" sizes=\"(max-width: 500px) 100vw, 500px\" \/><figcaption>&#8230; und ein T\u00e4schchen &#8222;Dae&#8220; nach einem freien Schnittmuster von <a href=\"https:\/\/sewsimple.de\/tasche-mit-reissverschluss-naehen-2\/\">SewSimple<\/a>.<\/figcaption><\/figure><\/div>\n\n\n\n<p>Endlich geht es jetzt auch mit dem &#8222;Irish Chain&#8220; weiter. R\u00fcckseite und Vlies sind ausgesucht. Da gibt es bald mal wieder Neues zu sehen.<\/p>\n\n\n\n<p>Bis bald &#8211; ich freue mich auf eine Begegnung!<\/p>\n<div class=\"twoclick_social_bookmarks_post_1764 social_share_privacy clearfix 1.6.4 locale-de_DE sprite-de_DE\"><\/div><div class=\"twoclick-js\"><script type=\"text\/javascript\">\/* <![CDATA[ *\/\njQuery(document).ready(function($){if($('.twoclick_social_bookmarks_post_1764')){$('.twoclick_social_bookmarks_post_1764').socialSharePrivacy({\"services\":{\"facebook\":{\"status\":\"on\",\"txt_info\":\"2 Klicks f\\u00fcr mehr Datenschutz: Erst wenn Sie hier klicken, wird der Button aktiv und Sie k\\u00f6nnen Ihre Empfehlung an Facebook senden. Schon beim Aktivieren werden Daten an Dritte \\u00fcbertragen - siehe <em>i<\\\/em>.\",\"perma_option\":\"off\",\"action\":\"like\",\"language\":\"de_DE\"},\"gplus\":{\"status\":\"on\",\"txt_info\":\"2 Klicks f\\u00fcr mehr Datenschutz: Erst wenn Sie hier klicken, wird der Button aktiv und Sie k\\u00f6nnen Ihre Empfehlung an Google+ senden. Schon beim Aktivieren werden Daten an Dritte \\u00fcbertragen - siehe <em>i<\\\/em>.\",\"perma_option\":\"off\",\"referrer_track\":\"\"}},\"txt_help\":\"Wenn Sie diese Felder durch einen Klick aktivieren, werden Informationen an Facebook, Twitter, Flattr, Xing, t3n, LinkedIn, Pinterest oder Google eventuell ins Ausland \\u00fcbertragen und unter Umst\\u00e4nden auch dort gespeichert. N\\u00e4heres erfahren Sie durch einen Klick auf das <em>i<\\\/em>.\",\"settings_perma\":\"Dauerhaft aktivieren und Daten\\u00fcber-tragung zustimmen:\",\"info_link\":\"http:\\\/\\\/www.heise.de\\\/ct\\\/artikel\\\/2-Klicks-fuer-mehr-Datenschutz-1333879.html\",\"uri\":\"https:\\\/\\\/patchwerkstatt.kowalke-net.de\\\/pw2\\\/aktuell-im-juni\\\/\",\"post_id\":1764,\"post_title_referrer_track\":\"Aktuell+im+Juni\",\"display_infobox\":\"on\"});}});\n\/* ]]> *\/<\/script><\/div>","protected":false},"excerpt":{"rendered":"<p>Im Juni feiert die PatchWerkstatt Geburtstag, jetzt schon 22 Jahre! Diesmal freue ich mich besonders, dass jetzt wieder Ladenbesuche m\u00f6glich sind (nat\u00fcrlich mit den n\u00f6tigen Hygienema\u00dfnahmen). Rufen Sie gerne an und vereinbaren Sie einen Termin! F\u00fcr alle, die mich im Laden besuchen, gibt es ein kleines Extra. Diesen Monat biete ich die neuen Vliese von [&hellip;]<\/p>\n","protected":false},"author":3,"featured_media":1765,"comment_status":"open","ping_status":"closed","sticky":false,"template":"","format":"standard","meta":[],"categories":[1],"tags":[9,158,66,58,157],"_links":{"self":[{"href":"https:\/\/patchwerkstatt.kowalke-net.de\/pw2\/wp-json\/wp\/v2\/posts\/1764"}],"collection":[{"href":"https:\/\/patchwerkstatt.kowalke-net.de\/pw2\/wp-json\/wp\/v2\/posts"}],"about":[{"href":"https:\/\/patchwerkstatt.kowalke-net.de\/pw2\/wp-json\/wp\/v2\/types\/post"}],"author":[{"embeddable":true,"href":"https:\/\/patchwerkstatt.kowalke-net.de\/pw2\/wp-json\/wp\/v2\/users\/3"}],"replies":[{"embeddable":true,"href":"https:\/\/patchwerkstatt.kowalke-net.de\/pw2\/wp-json\/wp\/v2\/comments?post=1764"}],"version-history":[{"count":3,"href":"https:\/\/patchwerkstatt.kowalke-net.de\/pw2\/wp-json\/wp\/v2\/posts\/1764\/revisions"}],"predecessor-version":[{"id":1769,"href":"https:\/\/patchwerkstatt.kowalke-net.de\/pw2\/wp-json\/wp\/v2\/posts\/1764\/revisions\/1769"}],"wp:featuredmedia":[{"embeddable":true,"href":"https:\/\/patchwerkstatt.kowalke-net.de\/pw2\/wp-json\/wp\/v2\/media\/1765"}],"wp:attachment":[{"href":"https:\/\/patchwerkstatt.kowalke-net.de\/pw2\/wp-json\/wp\/v2\/media?parent=1764"}],"wp:term":[{"taxonomy":"category","embeddable":true,"href":"https:\/\/patchwerkstatt.kowalke-net.de\/pw2\/wp-json\/wp\/v2\/categories?post=1764"},{"taxonomy":"post_tag","embeddable":true,"href":"https:\/\/patchwerkstatt.kowalke-net.de\/pw2\/wp-json\/wp\/v2\/tags?post=1764"}],"curies":[{"name":"wp","href":"https:\/\/api.w.org\/{rel}","templated":true}]}}