{"id":218,"date":"2014-08-24T18:47:54","date_gmt":"2014-08-24T16:47:54","guid":{"rendered":"http:\/\/patchwerkstatt.kowalke-net.de\/pw2\/?p=218"},"modified":"2014-09-10T13:31:23","modified_gmt":"2014-09-10T11:31:23","slug":"taschen-2","status":"publish","type":"post","link":"https:\/\/patchwerkstatt.kowalke-net.de\/pw2\/taschen-2\/","title":{"rendered":"Taschen"},"content":{"rendered":"<p><a href=\"https:\/\/patchwerkstatt.kowalke-net.de\/pw2\/wp-content\/uploads\/2014\/08\/Tasche_klein_gr\u00fcn2.jpg\"><img loading=\"lazy\" class=\"alignright size-medium wp-image-219\" src=\"https:\/\/patchwerkstatt.kowalke-net.de\/pw2\/wp-content\/uploads\/2014\/08\/Tasche_klein_gr\u00fcn2-300x225.jpg\" alt=\"Tasche_klein_gr\u00fcn2\" width=\"300\" height=\"225\" srcset=\"https:\/\/patchwerkstatt.kowalke-net.de\/pw2\/wp-content\/uploads\/2014\/08\/Tasche_klein_gr\u00fcn2-300x225.jpg 300w, https:\/\/patchwerkstatt.kowalke-net.de\/pw2\/wp-content\/uploads\/2014\/08\/Tasche_klein_gr\u00fcn2-500x375.jpg 500w, https:\/\/patchwerkstatt.kowalke-net.de\/pw2\/wp-content\/uploads\/2014\/08\/Tasche_klein_gr\u00fcn2-200x150.jpg 200w, https:\/\/patchwerkstatt.kowalke-net.de\/pw2\/wp-content\/uploads\/2014\/08\/Tasche_klein_gr\u00fcn2.jpg 1500w\" sizes=\"(max-width: 300px) 100vw, 300px\" \/><\/a>Aufgrund gro\u00dfer Nachfrage gibt es einen zus\u00e4tzlichen Taschenkurs. Sie k\u00f6nnen verschiedene Taschen n\u00e4hen.<\/p>\n<p>&nbsp;<\/p>\n<p><strong>1\u00a0Kurstag &#8211; Kursgeb\u00fchr \u20ac 12,-<\/strong><\/p>\n\n    <div id=\"eventsbymike_eventsbypost\">\n      <table border=\"1\">\n          <tr>\n          \t<td><\/td>\n          \t<td>Mittwoch,<\/td>\n          \t<td>10. September 2014<\/td>\n          \t<td>18:00 - 21:00 Uhr<\/td>\n          <\/tr>\n      <\/table>\n    <\/div>\n<div class=\"twoclick_social_bookmarks_post_218 social_share_privacy clearfix 1.6.4 locale-de_DE sprite-de_DE\"><\/div><div class=\"twoclick-js\"><script type=\"text\/javascript\">\/* <![CDATA[ *\/\njQuery(document).ready(function($){if($('.twoclick_social_bookmarks_post_218')){$('.twoclick_social_bookmarks_post_218').socialSharePrivacy({\"services\":{\"facebook\":{\"status\":\"on\",\"txt_info\":\"2 Klicks f\\u00fcr mehr Datenschutz: Erst wenn Sie hier klicken, wird der Button aktiv und Sie k\\u00f6nnen Ihre Empfehlung an Facebook senden. Schon beim Aktivieren werden Daten an Dritte \\u00fcbertragen - siehe <em>i<\\\/em>.\",\"perma_option\":\"off\",\"action\":\"like\",\"language\":\"de_DE\"},\"gplus\":{\"status\":\"on\",\"txt_info\":\"2 Klicks f\\u00fcr mehr Datenschutz: Erst wenn Sie hier klicken, wird der Button aktiv und Sie k\\u00f6nnen Ihre Empfehlung an Google+ senden. Schon beim Aktivieren werden Daten an Dritte \\u00fcbertragen - siehe <em>i<\\\/em>.\",\"perma_option\":\"off\",\"referrer_track\":\"\"}},\"txt_help\":\"Wenn Sie diese Felder durch einen Klick aktivieren, werden Informationen an Facebook, Twitter, Flattr, Xing, t3n, LinkedIn, Pinterest oder Google eventuell ins Ausland \\u00fcbertragen und unter Umst\\u00e4nden auch dort gespeichert. N\\u00e4heres erfahren Sie durch einen Klick auf das <em>i<\\\/em>.\",\"settings_perma\":\"Dauerhaft aktivieren und Daten\\u00fcber-tragung zustimmen:\",\"info_link\":\"http:\\\/\\\/www.heise.de\\\/ct\\\/artikel\\\/2-Klicks-fuer-mehr-Datenschutz-1333879.html\",\"uri\":\"https:\\\/\\\/patchwerkstatt.kowalke-net.de\\\/pw2\\\/taschen-2\\\/\",\"post_id\":218,\"post_title_referrer_track\":\"Taschen\",\"display_infobox\":\"on\"});}});\n\/* ]]> *\/<\/script><\/div>","protected":false},"excerpt":{"rendered":"<p>Aufgrund gro\u00dfer Nachfrage gibt es einen zus\u00e4tzlichen Taschenkurs. Sie k\u00f6nnen verschiedene Taschen n\u00e4hen. &nbsp; 1\u00a0Kurstag &#8211; Kursgeb\u00fchr \u20ac 12,- Mittwoch, 10. September 2014 18:00 &#8211; 21:00 Uhr<\/p>\n","protected":false},"author":3,"featured_media":219,"comment_status":"open","ping_status":"closed","sticky":false,"template":"","format":"standard","meta":[],"categories":[6],"tags":[70,8],"_links":{"self":[{"href":"https:\/\/patchwerkstatt.kowalke-net.de\/pw2\/wp-json\/wp\/v2\/posts\/218"}],"collection":[{"href":"https:\/\/patchwerkstatt.kowalke-net.de\/pw2\/wp-json\/wp\/v2\/posts"}],"about":[{"href":"https:\/\/patchwerkstatt.kowalke-net.de\/pw2\/wp-json\/wp\/v2\/types\/post"}],"author":[{"embeddable":true,"href":"https:\/\/patchwerkstatt.kowalke-net.de\/pw2\/wp-json\/wp\/v2\/users\/3"}],"replies":[{"embeddable":true,"href":"https:\/\/patchwerkstatt.kowalke-net.de\/pw2\/wp-json\/wp\/v2\/comments?post=218"}],"version-history":[{"count":5,"href":"https:\/\/patchwerkstatt.kowalke-net.de\/pw2\/wp-json\/wp\/v2\/posts\/218\/revisions"}],"predecessor-version":[{"id":224,"href":"https:\/\/patchwerkstatt.kowalke-net.de\/pw2\/wp-json\/wp\/v2\/posts\/218\/revisions\/224"}],"wp:featuredmedia":[{"embeddable":true,"href":"https:\/\/patchwerkstatt.kowalke-net.de\/pw2\/wp-json\/wp\/v2\/media\/219"}],"wp:attachment":[{"href":"https:\/\/patchwerkstatt.kowalke-net.de\/pw2\/wp-json\/wp\/v2\/media?parent=218"}],"wp:term":[{"taxonomy":"category","embeddable":true,"href":"https:\/\/patchwerkstatt.kowalke-net.de\/pw2\/wp-json\/wp\/v2\/categories?post=218"},{"taxonomy":"post_tag","embeddable":true,"href":"https:\/\/patchwerkstatt.kowalke-net.de\/pw2\/wp-json\/wp\/v2\/tags?post=218"}],"curies":[{"name":"wp","href":"https:\/\/api.w.org\/{rel}","templated":true}]}}