{"id":526,"date":"2015-03-15T17:26:46","date_gmt":"2015-03-15T16:26:46","guid":{"rendered":"http:\/\/patchwerkstatt.kowalke-net.de\/pw2\/?p=526"},"modified":"2015-03-15T22:13:41","modified_gmt":"2015-03-15T21:13:41","slug":"textile-oberflaechengestaltung","status":"publish","type":"post","link":"https:\/\/patchwerkstatt.kowalke-net.de\/pw2\/textile-oberflaechengestaltung\/","title":{"rendered":"Textile Oberfl\u00e4chengestaltung"},"content":{"rendered":"<p><a href=\"https:\/\/patchwerkstatt.kowalke-net.de\/pw2\/wp-content\/uploads\/2015\/03\/Text_Oberfl_Gestaltung_AB.jpg\"><img loading=\"lazy\" class=\"alignright size-thumbnail wp-image-527\" src=\"https:\/\/patchwerkstatt.kowalke-net.de\/pw2\/wp-content\/uploads\/2015\/03\/Text_Oberfl_Gestaltung_AB-200x200.jpg\" alt=\"Text_Oberfl_Gestaltung_AB\" width=\"200\" height=\"200\" \/><\/a>Mit vorbereiteten Materialien (z. B. Drucke, bemaltes Vliesofix) und gesammelten Sch\u00e4tzen (Garne, B\u00e4nder, T\u00fcll, Kn\u00f6pfe usw.) tauchen wir ein in die unersch\u00f6pfliche Welt der textilen Oberfl\u00e4chengestaltung. Dabei entstehen kleine Bilder oder Karten. Lassen Sie Ihrer Fantasie freien Lauf.<\/p>\n<p><strong>1 Kurstag &#8211; Kursgeb\u00fchr \u20ac 35,- (incl. Mittagessen)<\/strong><\/p>\n\n    <div id=\"eventsbymike_eventsbypost\">\n      <table border=\"1\">\n          <tr>\n          \t<td><\/td>\n          \t<td>Samstag,<\/td>\n          \t<td>13. Juni 2015<\/td>\n          \t<td>09:00 - 16:00 Uhr<\/td>\n          <\/tr>\n      <\/table>\n    <\/div>\n<div class=\"twoclick_social_bookmarks_post_526 social_share_privacy clearfix 1.6.4 locale-de_DE sprite-de_DE\"><\/div><div class=\"twoclick-js\"><script type=\"text\/javascript\">\/* <![CDATA[ *\/\njQuery(document).ready(function($){if($('.twoclick_social_bookmarks_post_526')){$('.twoclick_social_bookmarks_post_526').socialSharePrivacy({\"services\":{\"facebook\":{\"status\":\"on\",\"txt_info\":\"2 Klicks f\\u00fcr mehr Datenschutz: Erst wenn Sie hier klicken, wird der Button aktiv und Sie k\\u00f6nnen Ihre Empfehlung an Facebook senden. Schon beim Aktivieren werden Daten an Dritte \\u00fcbertragen - siehe <em>i<\\\/em>.\",\"perma_option\":\"off\",\"action\":\"like\",\"language\":\"de_DE\"},\"gplus\":{\"status\":\"on\",\"txt_info\":\"2 Klicks f\\u00fcr mehr Datenschutz: Erst wenn Sie hier klicken, wird der Button aktiv und Sie k\\u00f6nnen Ihre Empfehlung an Google+ senden. Schon beim Aktivieren werden Daten an Dritte \\u00fcbertragen - siehe <em>i<\\\/em>.\",\"perma_option\":\"off\",\"referrer_track\":\"\"}},\"txt_help\":\"Wenn Sie diese Felder durch einen Klick aktivieren, werden Informationen an Facebook, Twitter, Flattr, Xing, t3n, LinkedIn, Pinterest oder Google eventuell ins Ausland \\u00fcbertragen und unter Umst\\u00e4nden auch dort gespeichert. N\\u00e4heres erfahren Sie durch einen Klick auf das <em>i<\\\/em>.\",\"settings_perma\":\"Dauerhaft aktivieren und Daten\\u00fcber-tragung zustimmen:\",\"info_link\":\"http:\\\/\\\/www.heise.de\\\/ct\\\/artikel\\\/2-Klicks-fuer-mehr-Datenschutz-1333879.html\",\"uri\":\"https:\\\/\\\/patchwerkstatt.kowalke-net.de\\\/pw2\\\/textile-oberflaechengestaltung\\\/\",\"post_id\":526,\"post_title_referrer_track\":\"Textile+Oberfl%C3%A4chengestaltung\",\"display_infobox\":\"on\"});}});\n\/* ]]> *\/<\/script><\/div>","protected":false},"excerpt":{"rendered":"<p>Mit vorbereiteten Materialien (z. B. Drucke, bemaltes Vliesofix) und gesammelten Sch\u00e4tzen (Garne, B\u00e4nder, T\u00fcll, Kn\u00f6pfe usw.) tauchen wir ein in die unersch\u00f6pfliche Welt der textilen Oberfl\u00e4chengestaltung. Dabei entstehen kleine Bilder oder Karten. Lassen Sie Ihrer Fantasie freien Lauf. 1 Kurstag &#8211; Kursgeb\u00fchr \u20ac 35,- (incl. Mittagessen) Samstag, 13. Juni 2015 09:00 &#8211; 16:00 Uhr<\/p>\n","protected":false},"author":3,"featured_media":527,"comment_status":"open","ping_status":"closed","sticky":false,"template":"","format":"standard","meta":[],"categories":[6],"tags":[55,53,27,70,54],"_links":{"self":[{"href":"https:\/\/patchwerkstatt.kowalke-net.de\/pw2\/wp-json\/wp\/v2\/posts\/526"}],"collection":[{"href":"https:\/\/patchwerkstatt.kowalke-net.de\/pw2\/wp-json\/wp\/v2\/posts"}],"about":[{"href":"https:\/\/patchwerkstatt.kowalke-net.de\/pw2\/wp-json\/wp\/v2\/types\/post"}],"author":[{"embeddable":true,"href":"https:\/\/patchwerkstatt.kowalke-net.de\/pw2\/wp-json\/wp\/v2\/users\/3"}],"replies":[{"embeddable":true,"href":"https:\/\/patchwerkstatt.kowalke-net.de\/pw2\/wp-json\/wp\/v2\/comments?post=526"}],"version-history":[{"count":1,"href":"https:\/\/patchwerkstatt.kowalke-net.de\/pw2\/wp-json\/wp\/v2\/posts\/526\/revisions"}],"predecessor-version":[{"id":528,"href":"https:\/\/patchwerkstatt.kowalke-net.de\/pw2\/wp-json\/wp\/v2\/posts\/526\/revisions\/528"}],"wp:featuredmedia":[{"embeddable":true,"href":"https:\/\/patchwerkstatt.kowalke-net.de\/pw2\/wp-json\/wp\/v2\/media\/527"}],"wp:attachment":[{"href":"https:\/\/patchwerkstatt.kowalke-net.de\/pw2\/wp-json\/wp\/v2\/media?parent=526"}],"wp:term":[{"taxonomy":"category","embeddable":true,"href":"https:\/\/patchwerkstatt.kowalke-net.de\/pw2\/wp-json\/wp\/v2\/categories?post=526"},{"taxonomy":"post_tag","embeddable":true,"href":"https:\/\/patchwerkstatt.kowalke-net.de\/pw2\/wp-json\/wp\/v2\/tags?post=526"}],"curies":[{"name":"wp","href":"https:\/\/api.w.org\/{rel}","templated":true}]}}