{"id":849,"date":"2016-08-01T22:41:19","date_gmt":"2016-08-01T20:41:19","guid":{"rendered":"http:\/\/patchwerkstatt.kowalke-net.de\/pw2\/?p=849"},"modified":"2016-08-01T22:41:19","modified_gmt":"2016-08-01T20:41:19","slug":"august-ferienmonat","status":"publish","type":"post","link":"https:\/\/patchwerkstatt.kowalke-net.de\/pw2\/august-ferienmonat\/","title":{"rendered":"August &#8211; Ferienmonat"},"content":{"rendered":"<p>Im August habe ich keine regul\u00e4ren Laden\u00f6ffnungszeiten, sondern bin nur nach Vereinbarung erreichbar. Scheuen Sie sich nicht, anzurufen, wenn das N\u00e4hfieber Sie gepackt hat. Ich bin allerdings auch einige Tage nicht da.<\/p>\n<div class=\"twoclick_social_bookmarks_post_849 social_share_privacy clearfix 1.6.4 locale-de_DE sprite-de_DE\"><\/div><div class=\"twoclick-js\"><script type=\"text\/javascript\">\/* <![CDATA[ *\/\njQuery(document).ready(function($){if($('.twoclick_social_bookmarks_post_849')){$('.twoclick_social_bookmarks_post_849').socialSharePrivacy({\"services\":{\"facebook\":{\"status\":\"on\",\"txt_info\":\"2 Klicks f\\u00fcr mehr Datenschutz: Erst wenn Sie hier klicken, wird der Button aktiv und Sie k\\u00f6nnen Ihre Empfehlung an Facebook senden. Schon beim Aktivieren werden Daten an Dritte \\u00fcbertragen - siehe <em>i<\\\/em>.\",\"perma_option\":\"off\",\"action\":\"like\",\"language\":\"de_DE\"},\"gplus\":{\"status\":\"on\",\"txt_info\":\"2 Klicks f\\u00fcr mehr Datenschutz: Erst wenn Sie hier klicken, wird der Button aktiv und Sie k\\u00f6nnen Ihre Empfehlung an Google+ senden. Schon beim Aktivieren werden Daten an Dritte \\u00fcbertragen - siehe <em>i<\\\/em>.\",\"perma_option\":\"off\",\"referrer_track\":\"\"}},\"txt_help\":\"Wenn Sie diese Felder durch einen Klick aktivieren, werden Informationen an Facebook, Twitter, Flattr, Xing, t3n, LinkedIn, Pinterest oder Google eventuell ins Ausland \\u00fcbertragen und unter Umst\\u00e4nden auch dort gespeichert. N\\u00e4heres erfahren Sie durch einen Klick auf das <em>i<\\\/em>.\",\"settings_perma\":\"Dauerhaft aktivieren und Daten\\u00fcber-tragung zustimmen:\",\"info_link\":\"http:\\\/\\\/www.heise.de\\\/ct\\\/artikel\\\/2-Klicks-fuer-mehr-Datenschutz-1333879.html\",\"uri\":\"https:\\\/\\\/patchwerkstatt.kowalke-net.de\\\/pw2\\\/august-ferienmonat\\\/\",\"post_id\":849,\"post_title_referrer_track\":\"August+%26%238211%3B+Ferienmonat\",\"display_infobox\":\"on\"});}});\n\/* ]]> *\/<\/script><\/div>","protected":false},"excerpt":{"rendered":"<p>Im August habe ich keine regul\u00e4ren Laden\u00f6ffnungszeiten, sondern bin nur nach Vereinbarung erreichbar. Scheuen Sie sich nicht, anzurufen, wenn das N\u00e4hfieber Sie gepackt hat. Ich bin allerdings auch einige Tage nicht da.<\/p>\n","protected":false},"author":3,"featured_media":7,"comment_status":"open","ping_status":"closed","sticky":false,"template":"","format":"standard","meta":[],"categories":[1],"tags":[66],"_links":{"self":[{"href":"https:\/\/patchwerkstatt.kowalke-net.de\/pw2\/wp-json\/wp\/v2\/posts\/849"}],"collection":[{"href":"https:\/\/patchwerkstatt.kowalke-net.de\/pw2\/wp-json\/wp\/v2\/posts"}],"about":[{"href":"https:\/\/patchwerkstatt.kowalke-net.de\/pw2\/wp-json\/wp\/v2\/types\/post"}],"author":[{"embeddable":true,"href":"https:\/\/patchwerkstatt.kowalke-net.de\/pw2\/wp-json\/wp\/v2\/users\/3"}],"replies":[{"embeddable":true,"href":"https:\/\/patchwerkstatt.kowalke-net.de\/pw2\/wp-json\/wp\/v2\/comments?post=849"}],"version-history":[{"count":1,"href":"https:\/\/patchwerkstatt.kowalke-net.de\/pw2\/wp-json\/wp\/v2\/posts\/849\/revisions"}],"predecessor-version":[{"id":850,"href":"https:\/\/patchwerkstatt.kowalke-net.de\/pw2\/wp-json\/wp\/v2\/posts\/849\/revisions\/850"}],"wp:featuredmedia":[{"embeddable":true,"href":"https:\/\/patchwerkstatt.kowalke-net.de\/pw2\/wp-json\/wp\/v2\/media\/7"}],"wp:attachment":[{"href":"https:\/\/patchwerkstatt.kowalke-net.de\/pw2\/wp-json\/wp\/v2\/media?parent=849"}],"wp:term":[{"taxonomy":"category","embeddable":true,"href":"https:\/\/patchwerkstatt.kowalke-net.de\/pw2\/wp-json\/wp\/v2\/categories?post=849"},{"taxonomy":"post_tag","embeddable":true,"href":"https:\/\/patchwerkstatt.kowalke-net.de\/pw2\/wp-json\/wp\/v2\/tags?post=849"}],"curies":[{"name":"wp","href":"https:\/\/api.w.org\/{rel}","templated":true}]}}